{"id":145,"date":"2020-04-09T19:51:42","date_gmt":"2020-04-09T19:51:42","guid":{"rendered":"http:\/\/ostermarschluebeck.de\/?p=145"},"modified":"2020-04-09T19:51:44","modified_gmt":"2020-04-09T19:51:44","slug":"nein-zu-undemokratischen-politischen-notstandmassnahmen-ein-beitrag-von-monika-l","status":"publish","type":"post","link":"http:\/\/ostermarschluebeck.de\/?p=145","title":{"rendered":"Nein zu undemokratischen politischen Notstandma\u00dfnahmen! &#8211; Ein Beitrag von Monika L."},"content":{"rendered":"\n<p>Mitte 2018 wurde eine neue Weltwirtschafts- und Finanzkrise eingeleitet. Durch die weltweite Corona \u2013 Pandemie und die Ma\u00dfnahmen zu ihrer Eind\u00e4mmung, wurde sie vertieft, wobei die Pandemie nicht die Ursache ist. Der imperialistische Konkurrenzkampf zwischen den USA, China, Russland und der EU versch\u00e4rft sich enorm und damit auch die allgemeine Kriegsgefahr. Die Ursache&nbsp; der imperialistischen Kriege liegt in der ungleichm\u00e4\u00dfigen \u00f6konomischen und politischen Entwicklung der imperialistischen Staaten, die nach einer Neuverteilung der Macht dr\u00e4ngen.<\/p>\n\n\n\n<p>Die Corona \u2013 Krise wird weltweit dazu genutzt, die Militarisierung der Gesellschaft voranzutreiben und politische sowie unterdr\u00fcckerische Notstandsma\u00dfnahmen gegen die Bev\u00f6lkerung zu erproben. Grundlage in Deutschland sind die bereits 1968 beschlossenen Notstandsgesetzte. Kernst\u00fcck ist der Einsatz der Bundeswehr im Inneren. Sinnvolle gesundheitliche Ma\u00dfnahmen zum Schutz der Bev\u00f6lkerung w\u00e4ren die Ausweitung der Tests und breiter Einsatz von Schutzmasken und Schutzkleidung.<\/p>\n\n\n\n<p>JA zur Gesundheitsvorsorge<\/p>\n\n\n\n<p>NEIN zu undemokratischen politischen Notstandsma\u00dfnahmen<\/p>\n\n\n\n<p>KEINE Militarisierung von Staat und Gesellschaft<\/p>\n\n\n\n<p>KEIN Einsatz der Bundeswehr im Inneren.<\/p>\n\n\n\n<p>L\u00fcbeck, 9.4.20 \u00a0\u00a0\u00a0\u00a0\u00a0\u00a0 Monika L.<\/p>\n\n\n\n<p>(Bild: DerWesten vom 25.03.2020)<\/p>\n","protected":false},"excerpt":{"rendered":"<p>Mitte 2018 wurde eine neue Weltwirtschafts- und Finanzkrise eingeleitet. Durch die weltweite Corona \u2013 Pandemie und die Ma\u00dfnahmen zu ihrer Eind\u00e4mmung, wurde sie vertieft, wobei die Pandemie nicht die Ursache ist. Der imperialistische Konkurrenzkampf zwischen den USA, China, Russland und der EU versch\u00e4rft sich enorm &hellip; <\/p>\n","protected":false},"author":1,"featured_media":146,"comment_status":"open","ping_status":"open","sticky":false,"template":"","format":"standard","meta":{"ngg_post_thumbnail":0,"footnotes":""},"categories":[3],"tags":[],"class_list":["post-145","post","type-post","status-publish","format-standard","has-post-thumbnail","hentry","category-ostermarsch-2020","grid-sizer"],"_links":{"self":[{"href":"http:\/\/ostermarschluebeck.de\/index.php?rest_route=\/wp\/v2\/posts\/145","targetHints":{"allow":["GET"]}}],"collection":[{"href":"http:\/\/ostermarschluebeck.de\/index.php?rest_route=\/wp\/v2\/posts"}],"about":[{"href":"http:\/\/ostermarschluebeck.de\/index.php?rest_route=\/wp\/v2\/types\/post"}],"author":[{"embeddable":true,"href":"http:\/\/ostermarschluebeck.de\/index.php?rest_route=\/wp\/v2\/users\/1"}],"replies":[{"embeddable":true,"href":"http:\/\/ostermarschluebeck.de\/index.php?rest_route=%2Fwp%2Fv2%2Fcomments&post=145"}],"version-history":[{"count":1,"href":"http:\/\/ostermarschluebeck.de\/index.php?rest_route=\/wp\/v2\/posts\/145\/revisions"}],"predecessor-version":[{"id":147,"href":"http:\/\/ostermarschluebeck.de\/index.php?rest_route=\/wp\/v2\/posts\/145\/revisions\/147"}],"wp:featuredmedia":[{"embeddable":true,"href":"http:\/\/ostermarschluebeck.de\/index.php?rest_route=\/wp\/v2\/media\/146"}],"wp:attachment":[{"href":"http:\/\/ostermarschluebeck.de\/index.php?rest_route=%2Fwp%2Fv2%2Fmedia&parent=145"}],"wp:term":[{"taxonomy":"category","embeddable":true,"href":"http:\/\/ostermarschluebeck.de\/index.php?rest_route=%2Fwp%2Fv2%2Fcategories&post=145"},{"taxonomy":"post_tag","embeddable":true,"href":"http:\/\/ostermarschluebeck.de\/index.php?rest_route=%2Fwp%2Fv2%2Ftags&post=145"}],"curies":[{"name":"wp","href":"https:\/\/api.w.org\/{rel}","templated":true}]}}