{"id":175,"date":"2020-04-13T09:25:40","date_gmt":"2020-04-13T09:25:40","guid":{"rendered":"http:\/\/ostermarschluebeck.de\/?p=175"},"modified":"2020-04-13T09:25:41","modified_gmt":"2020-04-13T09:25:41","slug":"auch-deutschland-muss-den-atomwaffenverbotsantrag-unterzeichnen","status":"publish","type":"post","link":"http:\/\/ostermarschluebeck.de\/?p=175","title":{"rendered":"\u201eAuch Deutschland muss den Atomwaffenverbotsantrag unterzeichnen!\u201c"},"content":{"rendered":"\n<p>Schleswig\/Jagel<\/p>\n\n\n\n<p>60 friedensbewegte Demonstrant*innen hatten sich am Karfreitag vor dem Fliegerhorst Jagel zum Ostermarsch 2020 eingefunden. Genau genommen war es eine Kundgebung, organisiert von der DFG\/VK (Deutsche Friedensgesellschaft\/Vereinigung der Kriegsgegner). Eine Demonstration vom Bahnhof Schleswig nach Jagel war nicht genehmigt worden, weil die 2m-Abst\u00e4nde bei einem Marsch angeblich nicht eingehalten werden k\u00f6nnten. Eine weitere Auflage der Ordnungsbeh\u00f6rde war, dass s\u00e4mtliche Teilnehmer ihren Namen, Adresse und Telefonnummer in eine Liste eintragen mussten \u2013 falls jemand an Corona erkrankt.<\/p>\n\n\n\n<p>Die Teilnehmer*innen lie\u00dfen sich auch dadurch nicht von ihrem Protest gegen Kriegsvorbereitungen abschrecken. Beeindruckend waren die Reden von Konrad und Helga Tempe, die vor 60 Jahren zu den 16 Initiatoren des Ostermarsches in Hamburg geh\u00f6rten. Mit \u00fcber 1000 protestierten sie an einem Truppen\u00fcbungsplatz gegen Atomwaffen in Deutschland. Scharf griffen sie an, dass heute in Gronau\/Deutschland 10% des Weltmarktes von angereichertem Uran produziert wird. Einig waren die Teilnehmer, dass Deutschland den Atomwaffenverbotsantrag unterzeichnen muss.<\/p>\n\n\n\n<p>Auch Greenpeace, die DKP und die MLPD zeigten Flagge. Einer der Organisatoren \u00e4u\u00dferte in einem pers\u00f6nlichen Gespr\u00e4ch, dass die Losung \u201ekeine Partei\u201c hier keine G\u00fcltigkeit h\u00e4tte. Die Moderatorin verweigerte allerdings dann doch einem MLPD-Vertreter das Rederecht. &nbsp;Ein DFG-Vertreter appellierte zum Schluss: <em>\u201eGeht auf die Stra\u00dfe und lasst euch nicht ins Internet verbannen.\u201c<\/em> &nbsp;<\/p>\n\n\n\n<p>Karin und L\u00fcder, L\u00fcbeck<\/p>\n\n\n\n<p><strong>Hier geht es zur Petition der Aktion Nuclear Ban: <\/strong><a href=\"https:\/\/aktion.nuclearban.de\/node\/9\">https:\/\/aktion.nuclearban.de\/node\/9<\/a><\/p>\n","protected":false},"excerpt":{"rendered":"<p>Schleswig\/Jagel 60 friedensbewegte Demonstrant*innen hatten sich am Karfreitag vor dem Fliegerhorst Jagel zum Ostermarsch 2020 eingefunden. Genau genommen war es eine Kundgebung, organisiert von der DFG\/VK (Deutsche Friedensgesellschaft\/Vereinigung der Kriegsgegner). Eine Demonstration vom Bahnhof Schleswig nach Jagel war nicht genehmigt worden, weil die 2m-Abst\u00e4nde bei &hellip; <\/p>\n","protected":false},"author":1,"featured_media":176,"comment_status":"open","ping_status":"open","sticky":false,"template":"","format":"standard","meta":{"ngg_post_thumbnail":0,"footnotes":""},"categories":[3],"tags":[],"class_list":["post-175","post","type-post","status-publish","format-standard","has-post-thumbnail","hentry","category-ostermarsch-2020","grid-sizer"],"_links":{"self":[{"href":"http:\/\/ostermarschluebeck.de\/index.php?rest_route=\/wp\/v2\/posts\/175","targetHints":{"allow":["GET"]}}],"collection":[{"href":"http:\/\/ostermarschluebeck.de\/index.php?rest_route=\/wp\/v2\/posts"}],"about":[{"href":"http:\/\/ostermarschluebeck.de\/index.php?rest_route=\/wp\/v2\/types\/post"}],"author":[{"embeddable":true,"href":"http:\/\/ostermarschluebeck.de\/index.php?rest_route=\/wp\/v2\/users\/1"}],"replies":[{"embeddable":true,"href":"http:\/\/ostermarschluebeck.de\/index.php?rest_route=%2Fwp%2Fv2%2Fcomments&post=175"}],"version-history":[{"count":1,"href":"http:\/\/ostermarschluebeck.de\/index.php?rest_route=\/wp\/v2\/posts\/175\/revisions"}],"predecessor-version":[{"id":177,"href":"http:\/\/ostermarschluebeck.de\/index.php?rest_route=\/wp\/v2\/posts\/175\/revisions\/177"}],"wp:featuredmedia":[{"embeddable":true,"href":"http:\/\/ostermarschluebeck.de\/index.php?rest_route=\/wp\/v2\/media\/176"}],"wp:attachment":[{"href":"http:\/\/ostermarschluebeck.de\/index.php?rest_route=%2Fwp%2Fv2%2Fmedia&parent=175"}],"wp:term":[{"taxonomy":"category","embeddable":true,"href":"http:\/\/ostermarschluebeck.de\/index.php?rest_route=%2Fwp%2Fv2%2Fcategories&post=175"},{"taxonomy":"post_tag","embeddable":true,"href":"http:\/\/ostermarschluebeck.de\/index.php?rest_route=%2Fwp%2Fv2%2Ftags&post=175"}],"curies":[{"name":"wp","href":"https:\/\/api.w.org\/{rel}","templated":true}]}}